{"id":874,"date":"2024-08-02T14:16:58","date_gmt":"2024-08-02T12:16:58","guid":{"rendered":"https:\/\/zednalife.com\/?p=874"},"modified":"2024-08-02T14:16:58","modified_gmt":"2024-08-02T12:16:58","slug":"mobil-a-tengerparton-potolhatja-e-a-mobilt-a-homokozovodor","status":"publish","type":"post","link":"https:\/\/zednalife.com\/en\/mobil-a-tengerparton-potolhatja-e-a-mobilt-a-homokozovodor\/","title":{"rendered":"Mobil a tengerparton- p\u00f3tolhatja-e a mobilt a homokoz\u00f3v\u00f6d\u00f6r?"},"content":{"rendered":"<p>Hogyan cs\u00f6kkents\u00fck a mobilhaszn\u00e1latot a csal\u00e1di nyaral\u00e1son?<\/p>\n\n\n\n<p>Az irod\u00e1ban aszal\u00f3d\u00f3 sz\u00fcl\u0151k sz\u00e1m\u00e1ra \u00e1lomszer\u0171 kapaszkod\u00f3 a k\u00f6zeled\u0151 csal\u00e1di nyaral\u00e1s, gondolataikban szinte euf\u00f3rikus \u00f6r\u00f6mben \u00faszik mindenki, n\u00e9h\u00e1ny napig semmi nem \u00e1rny\u00e9kolhatja be a t\u00f6k\u00e9letes kikapcsol\u00f3d\u00e1st, ami ut\u00e1n eml\u00e9kekkel csordultig telve, h\u00f3napokra felt\u00f6lt\u0151dve folytatja \u00e9let\u00e9t a csal\u00e1d. Sokf\u00e9le nyaral\u00e1si m\u00f3d \u00e9s c\u00e9lpont elk\u00e9pzelhet\u0151, a v\u00e1rosn\u00e9z\u0151s-gyalogol\u00f3s verzi\u00f3t\u00f3l az eg\u00e9sz nap tengerben f\u00fcrd\u0151sig, de egyben biztosak lehet\u00fcnk, a csal\u00e1d gyermek tagjai sz\u00e1m\u00e1ra sokkal vonz\u00f3bb lesz az otthon j\u00f3l megszokott k\u00e9perny\u0151 el\u0151tt t\u00f6lteni az id\u0151t. \u0150k \u00edgy kapcsol\u00f3dnak ki \u00e9s nem \u00e9rtik, mit l\u00e1t a sz\u00fcl\u0151 olyan nagy dolognak a s\u00f3s v\u00edzben vagy \u00f6reg \u00e9p\u00fcletek n\u00e9zeget\u00e9s\u00e9ben. A csal\u00e1di b\u00e9k\u00e9t \u00e9rdemes meg\u0151rizni, ez\u00e9rt az al\u00e1bbiakban sz\u00e1mos tan\u00e1csot \u00e9s tippet adunk a csal\u00f3dott sz\u00fcl\u0151k sz\u00e1m\u00e1ra, hogyan viszonyuljanak a nyaral\u00e1son mobiloz\u00f3 gyerekekhez.<\/p>\n\n\n\n<p>Pancsolunk vagy szorongunk?<\/p>\n\n\n\n<p>A legfontosabb kiindul\u00e1si pontunk az lehet, ha bel\u00e1tjuk, a gyerekek sz\u00e1m\u00e1ra a klasszikus aktivit\u00e1sok \u00f6nmagukban nem felt\u00e9tlen\u00fcl sugallj\u00e1k az \u00f6nfeledt kikapcsol\u00f3d\u00e1s lehet\u0151s\u00e9g\u00e9t. A mobiloz\u00e1s a saj\u00e1t vil\u00e1gba, saj\u00e1t szob\u00e1ba val\u00f3 elvonul\u00e1s lehet\u0151s\u00e9g\u00e9t is biztos\u00edtja, amit a nyaral\u00e1s sor\u00e1n sz\u0171k t\u00e9rben \u00f6sszez\u00e1rva sokkal nehezebben tudnak meg\u00e9lni a gyerekek. T\u00e1rsas\u00e1gul is csak a sz\u00fcl\u0151kre sz\u00e1m\u00edthatnak, mindenki m\u00e1s idegen, ak\u00e1r m\u00e1s nyelven besz\u00e9l, a bar\u00e1tok pedig messze otthon vannak. Tudatosan gondoljuk v\u00e9gig, mennyi stresszt jelenthet a sok v\u00e1ltoz\u00e1s sz\u00e1mukra. Legy\u00fcnk rugalmasak, \u00e9s kommunik\u00e1ljunk vel\u00fck ny\u00edltan. Ha a gyerekek unatkoznak vagy nyugtalanok, besz\u00e9lj\u00fck meg, mi \u00e1llhat ennek h\u00e1tter\u00e9ben, \u00e9s ne t\u00e1masszunk olyan elv\u00e1r\u00e1sokat, amelyek val\u00f3j\u00e1ban saj\u00e1t v\u00e1gyaink \u00e1ltal t\u00e1pl\u00e1ltak.<\/p>\n\n\n\n<p>K\u00edn\u00e1ljunk alternat\u00edv\u00e1kat<\/p>\n\n\n\n<p>M\u00e1r az utaz\u00e1s sor\u00e1n tervezgess\u00fck egy\u00fctt, kit mi \u00e9rdekel, milyen \u00e9rdekess\u00e9geket n\u00e9zne meg, de ne ragadjunk le a szobrok, m\u00fazeumok \u00e9s nevezetess\u00e9gek vonal\u00e1n\u00e1l, mi\u00e9rt ne lenne lehets\u00e9ges, hogy a gyermek\u00fcnket teljesen m\u00e1s dolgok \u00e9rdeklik, p\u00e9ld\u00e1ul a helyi k\u00e9preg\u00e9nybolt, vid\u00e1mpark, esetleg a vas\u00fat\u00e1llom\u00e1s. Tervezz\u00fck be ezeket is a napba, \u00e9s gondoljuk v\u00e9gig, van-e m\u00f3d arra, hogy valahogyan egy kis k\u00fcl\u00f6n priv\u00e1t id\u0151t is kaphasson a csemete. Este besz\u00e9lj\u00fck meg egy\u00fctt az \u00e9lm\u00e9nyeket, de azt is, kinek mi okozott csal\u00f3d\u00e1st, mit\u0151l lehetett volna jobb a nap, mit lehetett volna m\u00e1shogy csin\u00e1lni.<\/p>\n\n\n\n<p>Mutassunk p\u00e9ld\u00e1t<\/p>\n\n\n\n<p>Sz\u00fcl\u0151k\u00e9nt kulcsfontoss\u00e1g\u00fa, hogy mi magunk is betartsunk bizonyos hat\u00e1rokat. Ha \u00e1lland\u00f3an a telefonunkat n\u00e9zegetj\u00fck, neh\u00e9z lesz elv\u00e1rni gyermekeinkt\u0151l, hogy \u0151k m\u00e1sk\u00e9pp tegyenek. De nem is az a fontos, hogy saj\u00e1t k\u00e9perny\u0151id\u0151nket korl\u00e1tozzuk, sokkal ink\u00e1bb az, hogy mi magunk el tudjunk k\u00e9pzelni m\u00e1s f\u00f3kusz\u00e1lt id\u0151t\u00f6lt\u00e9st is, ami lehet \u00fajs\u00e1glapozgat\u00e1s, k\u00f6nyvolvas\u00e1s, katal\u00f3gus b\u00f6ng\u00e9sz\u00e9se, jegyzetel\u00e9s, rajzol\u00e1s, stb. Ha nem tudunk semmilyen egy\u00e9b elfoglalts\u00e1g mellett j\u00f3 sz\u00edvvel d\u00f6nteni, sajnos ez a gyermek\u00fcnk figyelm\u00e9t sem fogja elker\u00fclni.<\/p>\n\n\n\n<p>K\u00e9rj\u00fcnk seg\u00edts\u00e9get a mobilunkt\u00f3l<\/p>\n\n\n\n<p>Sz\u00e1mos olyan alkalmaz\u00e1s \u00e9rhet\u0151 el a telefonokra, amelyek lehet\u0151v\u00e9 teszik a k\u00e9perny\u0151id\u0151 \u00f6nkorl\u00e1toz\u00e1s\u00e1t, id\u0151limit be\u00e1ll\u00edt\u00e1s\u00e1t, \u00edgy b\u00e1rmely csal\u00e1dtag kialak\u00edthatja legkomfortosabb napi rutinj\u00e1t, hogy kell\u0151 id\u0151 maradjon a homokv\u00e1r meg\u00e9p\u00edt\u00e9s\u00e9re.<\/p>\n\n\n\n<p>\u00d6szt\u00f6n\u00f6zz\u00fck a kreativit\u00e1st<\/p>\n\n\n\n<p>B\u00edztassuk a gyerekeket, hogy dokument\u00e1lj\u00e1k az \u00e9lm\u00e9nyeiket \u2013 rajzol\u00e1ssal, napl\u00f3\u00edr\u00e1ssal vagy f\u00e9nyk\u00e9palbum k\u00e9sz\u00edt\u00e9s\u00e9vel.<\/p>\n\n\n\n<p>Ne feledj\u00fck, a c\u00e9l nem a technol\u00f3gia jelenl\u00e9t\u00e9nek teljes kiiktat\u00e1sa, hanem az egyens\u00faly megteremt\u00e9se \u00e9s az alternat\u00edv\u00e1k jelenl\u00e9te. A nyaral\u00e1s alatt szerzett pozit\u00edv tapasztalatok seg\u00edthetnek kialak\u00edtani egy eg\u00e9szs\u00e9gesebb viszonyt a digit\u00e1lis eszk\u00f6z\u00f6kh\u00f6z a mindennapokban is.<\/p>","protected":false},"excerpt":{"rendered":"<p>Hogyan cs\u00f6kkents\u00fck a mobilhaszn\u00e1latot a csal\u00e1di nyaral\u00e1son? Az irod\u00e1ban aszal\u00f3d\u00f3 sz\u00fcl\u0151k sz\u00e1m\u00e1ra \u00e1lomszer\u0171 kapaszkod\u00f3 a k\u00f6zeled\u0151 csal\u00e1di nyaral\u00e1s, gondolataikban szinte euf\u00f3rikus \u00f6r\u00f6mben \u00faszik mindenki, n\u00e9h\u00e1ny napig semmi nem \u00e1rny\u00e9kolhatja be a t\u00f6k\u00e9letes kikapcsol\u00f3d\u00e1st, ami ut\u00e1n eml\u00e9kekkel csordultig telve, h\u00f3napokra felt\u00f6lt\u0151dve folytatja \u00e9let\u00e9t a csal\u00e1d. Sokf\u00e9le nyaral\u00e1si m\u00f3d \u00e9s c\u00e9lpont elk\u00e9pzelhet\u0151, a v\u00e1rosn\u00e9z\u0151s-gyalogol\u00f3s verzi\u00f3t\u00f3l az eg\u00e9sz [&hellip;]<\/p>","protected":false},"author":4,"featured_media":877,"comment_status":"closed","ping_status":"closed","sticky":false,"template":"","format":"standard","meta":{"_seopress_robots_primary_cat":"none","_seopress_titles_title":"","_seopress_titles_desc":"","_seopress_robots_index":"","footnotes":""},"categories":[1],"tags":[],"class_list":["post-874","post","type-post","status-publish","format-standard","has-post-thumbnail","hentry","category-uncategorized"],"_links":{"self":[{"href":"https:\/\/zednalife.com\/en\/wp-json\/wp\/v2\/posts\/874","targetHints":{"allow":["GET"]}}],"collection":[{"href":"https:\/\/zednalife.com\/en\/wp-json\/wp\/v2\/posts"}],"about":[{"href":"https:\/\/zednalife.com\/en\/wp-json\/wp\/v2\/types\/post"}],"author":[{"embeddable":true,"href":"https:\/\/zednalife.com\/en\/wp-json\/wp\/v2\/users\/4"}],"replies":[{"embeddable":true,"href":"https:\/\/zednalife.com\/en\/wp-json\/wp\/v2\/comments?post=874"}],"version-history":[{"count":1,"href":"https:\/\/zednalife.com\/en\/wp-json\/wp\/v2\/posts\/874\/revisions"}],"predecessor-version":[{"id":878,"href":"https:\/\/zednalife.com\/en\/wp-json\/wp\/v2\/posts\/874\/revisions\/878"}],"wp:featuredmedia":[{"embeddable":true,"href":"https:\/\/zednalife.com\/en\/wp-json\/wp\/v2\/media\/877"}],"wp:attachment":[{"href":"https:\/\/zednalife.com\/en\/wp-json\/wp\/v2\/media?parent=874"}],"wp:term":[{"taxonomy":"category","embeddable":true,"href":"https:\/\/zednalife.com\/en\/wp-json\/wp\/v2\/categories?post=874"},{"taxonomy":"post_tag","embeddable":true,"href":"https:\/\/zednalife.com\/en\/wp-json\/wp\/v2\/tags?post=874"}],"curies":[{"name":"wp","href":"https:\/\/api.w.org\/{rel}","templated":true}]}}