{"id":885,"date":"2024-08-09T10:29:54","date_gmt":"2024-08-09T08:29:54","guid":{"rendered":"https:\/\/zednalife.com\/?p=885"},"modified":"2024-08-09T10:29:55","modified_gmt":"2024-08-09T08:29:55","slug":"mentalis-egeszseg-a-titkos-osszetevo-a-boldog-elethez","status":"publish","type":"post","link":"https:\/\/zednalife.com\/en\/mentalis-egeszseg-a-titkos-osszetevo-a-boldog-elethez\/","title":{"rendered":"Ment\u00e1lis eg\u00e9szs\u00e9g, a titkos \u00f6sszetev\u0151 a boldog \u00e9lethez"},"content":{"rendered":"<p>A ment\u00e1lis eg\u00e9szs\u00e9g alapvet\u0151 r\u00e9sze az \u00e1ltal\u00e1nos j\u00f3l\u00e9t\u00fcnknek. Ahogy a testi eg\u00e9szs\u00e9g\u00fcnkre is figyelmet ford\u00edtunk, ugyan\u00fagy fontos, hogy gondoskodjunk ment\u00e1lis eg\u00e9szs\u00e9g\u00fcnkr\u0151l is. A test\u00fcnk eset\u00e9ben viszonylag j\u00f3l tiszt\u00e1ban tudunk lenni azzal, hogyan tudjuk megfelel\u0151en ell\u00e1tni \u00e9s \u00e1polni, m\u00e1r eg\u00e9szen kicsi korban tan\u00edtanak (de legal\u00e1bbis pr\u00f3b\u00e1lkoznak tan\u00edtani) sz\u00fcleink arra, hogy a s\u00e1rban k\u00f6ny\u00e9kig mer\u00fcl\u00e9s ut\u00e1n ne fussunk az eb\u00e9dl\u0151 asztalhoz.<\/p>\n\n\n\n<p>De vajon r\u00e9sze-e kult\u00far\u00e1nknak, hogy ugyan\u00edgy figyelj\u00fcnk saj\u00e1t hangulatunkra, \u00e9rz\u00e9seinkre, gondolatainkra? Hiba lenne a j\u00f3kedvet, boldogs\u00e1got, pozit\u00edv gondolatokat \u00fagy tekinteni, mint t\u0151l\u00fcnk teljesen f\u00fcggetlen aj\u00e1nd\u00e9kait a sorsnak. A ment\u00e1lis eg\u00e9szs\u00e9g\u00fcnk \u00e1pol\u00e1s\u00e1ra ir\u00e1nyul\u00f3 t\u00f6rekv\u00e9s igenis gyors javul\u00e1st hozhat j\u00f3ll\u00e9t\u00fcnkben (\u00e9s persze az itt-ott sajg\u00f3, g\u00f6rcs\u00f6l\u0151 test\u00fcnknek sem tesz majd rosszat).<\/p>\n\n\n\n<p>Az eg\u00e9szs\u00e9ges ment\u00e1lis \u00e1llapot seg\u00edt abban, hogy hat\u00e9konyan kezelj\u00fck a stresszt, fenntartsuk a j\u00f3 kapcsolatokat, \u00e9s akt\u00edv hozz\u00e1\u00e1ll\u00e1ssal n\u00e9zz\u00fcnk szembe az \u00e9let kih\u00edv\u00e1saival.&nbsp; Az els\u0151 l\u00e9p\u00e9s nem neh\u00e9z, \u00e9s sok id\u0151t sem ig\u00e9nyel, csup\u00e1n arra van sz\u00fcks\u00e9g, hogy tudatoss\u00e1ggal forduljunk \u00e9rz\u00e9seink, gondolataink fel\u00e9. Figyelj\u00fcnk fel a hirtelen indul\u00f3, els\u00f6pr\u0151 erej\u0171 v\u00e1ltoz\u00e1sokra, vagy a sz\u0151nyeg alatt bujk\u00e1l\u00f3, elfojtott t\u00edpus\u00faakra. Ahogy figyel\u00fcnk a test\u00fcnk jelz\u00e9seire, ugyan\u00fagy figyeln\u00fcnk \u00e9rdemes az elm\u00e9nk \u00e9s \u00e9rz\u00e9seink jeleire is, hiszen ez a mindennapok sor\u00e1n komoly el\u0151nnyel, a ment\u00e1lis j\u00f3ll\u00e9ttel jutalmazhat meg.<\/p>\n\n\n\n<p>Sz\u00e1mos m\u00f3dszertan \u00e9s megk\u00f6zel\u00edt\u00e9s foglalkozik azzal, hogy szakmai keretek k\u00f6z\u00f6tt seg\u00edtse el\u0151 az emberek ment\u00e1lis j\u00f3ll\u00e9t\u00e9t, ezek sor\u00e1ba tartozik a ment\u00e1lhigi\u00e9n\u00e9 is, amelynek f\u0151 jellemz\u0151je, hogy rendk\u00edv\u00fcl szel\u00edd, empatikus eszk\u00f6z\u00f6kkel fordul a kliensek fel\u00e9, jelent\u0151s teret enged \u00e9rz\u00e9seik meg\u00e9l\u00e9s\u00e9nek, az alapvet\u0151 eszk\u00f6z, a seg\u00edt\u0151 besz\u00e9lget\u00e9s alkalmaz\u00e1s\u00e1val.<\/p>\n\n\n\n<p>Ezzel \u00e9s m\u00e1s m\u00f3dszerekkel is nekikezdhet\u00fcnk a lelki \u00f6ngondoskod\u00e1snak, tudva, hogy a ment\u00e1lis eg\u00e9szs\u00e9g nem luxus, hanem alapvet\u0151 sz\u00fcks\u00e9glete minden embernek, amelyre nap mint nap \u00e9rdemes odafigyelni.<\/p>","protected":false},"excerpt":{"rendered":"<p>A ment\u00e1lis eg\u00e9szs\u00e9g alapvet\u0151 r\u00e9sze az \u00e1ltal\u00e1nos j\u00f3l\u00e9t\u00fcnknek. Ahogy a testi eg\u00e9szs\u00e9g\u00fcnkre is figyelmet ford\u00edtunk, ugyan\u00fagy fontos, hogy gondoskodjunk ment\u00e1lis eg\u00e9szs\u00e9g\u00fcnkr\u0151l is. A test\u00fcnk eset\u00e9ben viszonylag j\u00f3l tiszt\u00e1ban tudunk lenni azzal, hogyan tudjuk megfelel\u0151en ell\u00e1tni \u00e9s \u00e1polni, m\u00e1r eg\u00e9szen kicsi korban tan\u00edtanak (de legal\u00e1bbis pr\u00f3b\u00e1lkoznak tan\u00edtani) sz\u00fcleink arra, hogy a s\u00e1rban k\u00f6ny\u00e9kig mer\u00fcl\u00e9s ut\u00e1n ne [&hellip;]<\/p>","protected":false},"author":4,"featured_media":818,"comment_status":"closed","ping_status":"closed","sticky":false,"template":"","format":"standard","meta":{"_seopress_robots_primary_cat":"none","_seopress_titles_title":"%%post_title%%","_seopress_titles_desc":"","_seopress_robots_index":"","footnotes":""},"categories":[1],"tags":[],"class_list":["post-885","post","type-post","status-publish","format-standard","has-post-thumbnail","hentry","category-uncategorized"],"_links":{"self":[{"href":"https:\/\/zednalife.com\/en\/wp-json\/wp\/v2\/posts\/885","targetHints":{"allow":["GET"]}}],"collection":[{"href":"https:\/\/zednalife.com\/en\/wp-json\/wp\/v2\/posts"}],"about":[{"href":"https:\/\/zednalife.com\/en\/wp-json\/wp\/v2\/types\/post"}],"author":[{"embeddable":true,"href":"https:\/\/zednalife.com\/en\/wp-json\/wp\/v2\/users\/4"}],"replies":[{"embeddable":true,"href":"https:\/\/zednalife.com\/en\/wp-json\/wp\/v2\/comments?post=885"}],"version-history":[{"count":1,"href":"https:\/\/zednalife.com\/en\/wp-json\/wp\/v2\/posts\/885\/revisions"}],"predecessor-version":[{"id":888,"href":"https:\/\/zednalife.com\/en\/wp-json\/wp\/v2\/posts\/885\/revisions\/888"}],"wp:featuredmedia":[{"embeddable":true,"href":"https:\/\/zednalife.com\/en\/wp-json\/wp\/v2\/media\/818"}],"wp:attachment":[{"href":"https:\/\/zednalife.com\/en\/wp-json\/wp\/v2\/media?parent=885"}],"wp:term":[{"taxonomy":"category","embeddable":true,"href":"https:\/\/zednalife.com\/en\/wp-json\/wp\/v2\/categories?post=885"},{"taxonomy":"post_tag","embeddable":true,"href":"https:\/\/zednalife.com\/en\/wp-json\/wp\/v2\/tags?post=885"}],"curies":[{"name":"wp","href":"https:\/\/api.w.org\/{rel}","templated":true}]}}