{"id":894,"date":"2024-08-29T15:17:31","date_gmt":"2024-08-29T13:17:31","guid":{"rendered":"https:\/\/zednalife.com\/?p=894"},"modified":"2024-08-29T15:17:32","modified_gmt":"2024-08-29T13:17:32","slug":"nyari-kihivasok-a-haloszobaban","status":"publish","type":"post","link":"https:\/\/zednalife.com\/en\/nyari-kihivasok-a-haloszobaban\/","title":{"rendered":"Ny\u00e1ri kih\u00edv\u00e1sok a h\u00e1l\u00f3szob\u00e1ban"},"content":{"rendered":"<p>Kis figyelemmel sokat tehet\u00fcnk a kellemesebb \u00e9jszak\u00e1k\u00e9rt<\/p>\n\n\n\n<p>A ny\u00e1r bek\u00f6sz\u00f6nt\u00e9vel a lak\u00e1sok h\u0151m\u00e9rs\u00e9klete tr\u00f3pusi hangulatot \u00f6lt, a nappalok meghosszabbodnak, nyitott ablakainkon oxig\u00e9nd\u00fas leveg\u0151 \u00e9s ciripel\u00e9s \u00e1rad \u00e9jjel a szob\u00e1ba, \u00edgy alv\u00e1si szok\u00e1saink is jelent\u0151sen megv\u00e1ltozhatnak. A ny\u00e1ri h\u00f3napokban sokkal nagyobb terhel\u00e9s \u00e9ri szervezet\u00fcnket, id\u0151nk\u00e9nt azt tapasztalhatjuk, hogy ak\u00e1r \u00e1llva is el tudn\u00e1nk aludni, ez\u00e9rt \u00e9rdemes megn\u00e9zn\u00fcnk k\u00f6zelebbr\u0151l, milyen t\u00e9nyez\u0151k befoly\u00e1solj\u00e1k ny\u00e1ron az alv\u00e1sunkat, \u00e9s hogyan biztos\u00edthatjuk a pihentet\u0151 \u00e9jszakai nyugalmat.<\/p>\n\n\n\n<p>Alv\u00e1si szok\u00e1sok v\u00e1ltoz\u00e1sa ny\u00e1ron<\/p>\n\n\n\n<p>A t\u00f6bb term\u00e9szetes f\u00e9nyhat\u00e1ssal van cirkadi\u00e1n ritmusunkra. Szervezet\u00fcnk k\u00e9s\u0151bb kezdi termelni a melatonint, az alv\u00e1shormont, ami k\u00e9s\u0151i elalv\u00e1shoz vezethet. Ha esti rutinunk ez\u00e1ltal meghosszabbodik, id\u0151t vesz\u00edthet\u00fcnk a megszokott alv\u00e1si \u00f3rasz\u00e1mb\u00f3l. A ny\u00e1ri szabadnapokb\u00f3l szeretn\u00e9nk kihozni a lehet\u0151 legt\u00f6bbet, \u00edgy a szabadabb id\u0151beoszt\u00e1s gyakran eredm\u00e9nyez rendszertelen alv\u00e1si mint\u00e1kat, ami megzavarhatja bels\u0151 \u00f3r\u00e1nkat. A ny\u00e1ri programok sor\u00e1n fogyasztott k\u00e9s\u0151i \u00e9s sz\u00e9nhidr\u00e1tban gazdag vacsor\u00e1k szint\u00e9n hozz\u00e1j\u00e1rulhatnak az alv\u00e1sid\u0151 cs\u00f6kken\u00e9s\u00e9hez.<\/p>\n\n\n\n<p>A meleg hat\u00e1sa az alv\u00e1sra<\/p>\n\n\n\n<p>A ny\u00e1ri h\u0151s\u00e9g jelent\u0151sen befoly\u00e1solhatja alv\u00e1sunk min\u0151s\u00e9g\u00e9t. Test\u00fcnknek le kellene h\u0171lnie az elalv\u00e1shoz, ami meleg szob\u00e1ban j\u00f3val nehezebb. A magas h\u0151m\u00e9rs\u00e9klet miatt alv\u00e1sunk kev\u00e9sb\u00e9 m\u00e9ly, gyakrabban \u00e9bred\u00fcnk. Az \u00e9jszakai izzad\u00e1s kellemetlen \u00e9s jelent\u0151s folyad\u00e9kveszt\u00e9shez is vezet, ami tov\u00e1bb rontja az alv\u00e1s min\u0151s\u00e9g\u00e9t.<\/p>\n\n\n\n<p>Esti mobiloz\u00e1s \u00e9s alv\u00e1smin\u0151s\u00e9g<\/p>\n\n\n\n<p>Az esti k\u00e9perny\u0151haszn\u00e1lat \u00e9s az alv\u00e1s min\u0151s\u00e9ge k\u00f6z\u00f6tt egy\u00e9rtelm\u0171 \u00f6sszef\u00fcgg\u00e9s van, term\u00e9szetesen f\u00fcggetlen\u00fcl a k\u00e9perny\u0151t haszn\u00e1l\u00f3 eszk\u00f6z fajt\u00e1j\u00e1t\u00f3l. &nbsp;A mobilok, tabletek \u00e9s laptopok \u00e1ltal kibocs\u00e1tott k\u00e9k f\u00e9ny g\u00e1tolja a melatonin termel\u0151d\u00e9s\u00e9t, megnehez\u00edtve az elalv\u00e1st. A k\u00f6z\u00f6ss\u00e9gi m\u00e9diumok b\u00f6ng\u00e9sz\u00e9se, \u00e9rtes\u00edt\u00e9sek \u00e9s \u00fczenetek olvas\u00e1sa felp\u00f6rgeti agyunkat, amikor \u00e9pp a megnyugtat\u00e1s\u00e1ra lenne sz\u00fcks\u00e9g.<\/p>\n\n\n\n<p>Az alv\u00e1s halogat\u00e1sa \u2013 elmetr\u00fckk saj\u00e1t magunk ellen<\/p>\n\n\n\n<p>Mindannyian ismerj\u00fck azt az \u00e9rz\u00e9st, amikor tudjuk, hogy ideje lenne \u00e1lomra hajtani a fej\u00fcnket, m\u00e9gis tal\u00e1lunk m\u00e9g egy posztot, vide\u00f3t, amit meg kell n\u00e9zn\u00fcnk, sorozatok eset\u00e9ben pedig hat\u00e1r a hajnali csillagos \u00e9g. Ez az alv\u00e1shalogat\u00e1s jelens\u00e9ge, ami hossz\u00fa t\u00e1von k\u00f6vetkezm\u00e9nyekkel j\u00e1rhat ment\u00e1lis \u00e9s fizikai eg\u00e9szs\u00e9g\u00fcnkre n\u00e9zve.<\/p>\n\n\n\n<p>Az alv\u00e1shalogat\u00e1s m\u00f6g\u00f6tt gyakran az az \u00e9rz\u00e9s \u00e1ll, hogy napk\u00f6zben nem volt el\u00e9g id\u0151nk \u00f6nmagunkra. Az \u00e9jszaka csendj\u00e9ben v\u00e9gre szabadnak \u00e9rezhetj\u00fck magunkat, \u00e9s megpr\u00f3b\u00e1ljuk bep\u00f3tolni a napk\u00f6zben fesz\u00fclts\u00e9gben fel\u00e1ldozott id\u0151t. Tudat alatt szinte megpr\u00f3b\u00e1ljuk kizsarolni a nap 24 \u00f3r\u00e1j\u00e1b\u00f3l azt a kis plusz id\u0151t, amit\u0151l el\u00e9gedetten z\u00e1rhatn\u00e1nk a napot.<\/p>\n\n\n\n<p>Term\u00e9szetesen minden neh\u00e9z \u00e9rz\u00e9s figyelmet ig\u00e9nyel, ez\u00e9rt ha alv\u00e1shalogat\u00e1st fedez\u00fcnk fel magunkon, ford\u00edtsunk figyelmet a m\u00f6g\u00f6ttes fesz\u00fclts\u00e9g felt\u00e1r\u00e1s\u00e1ra \u00e9s cs\u00f6kkent\u00e9s\u00e9re. Tervezz\u00fcnk be napk\u00f6zben is r\u00f6videbb &#8222;\u00e9n-id\u0151ket&#8221;. \u00c9s ami a legfontosabb: legy\u00fcnk tudatosak. Figyelj\u00fck meg, mikor \u00e9s mi\u00e9rt halogatjuk legink\u00e1bb az alv\u00e1st, \u00e9s ez milyen hat\u00e1ssal van az energiaszint\u00fcnkre, m\u00e1snapi produktivit\u00e1sunkra. Vigy\u00e1zzunk a spir\u00e1llal, amikor a kev\u00e9s energia m\u00e9g t\u00f6bb frusztr\u00e1ci\u00f3t gerjeszt \u00e9s a napk\u00f6zbeni tev\u00e9kenys\u00e9g egyre kevesebb el\u00e9gedetts\u00e9get eredm\u00e9nyez.<\/p>\n\n\n\n<p>Tan\u00e1csok a pihentet\u0151 ny\u00e1ri alv\u00e1shoz<\/p>\n\n\n\n<ol class=\"wp-block-list\">\n<li>A h\u00e1l\u00f3ban haszn\u00e1ljunk ventil\u00e1tort vagy l\u00e9gkondicion\u00e1l\u00f3t, de \u00fcgyelj\u00fcnk, hogy a l\u00e9g\u00e1ramlat ne ir\u00e1nyuljon k\u00f6zvetlen\u00fcl a testre.<\/li>\n\n\n\n<li>J\u00f3 szolg\u00e1latot tehet forr\u00f3 h\u00e1l\u00f3szob\u00e1ban a hideg borogat\u00e1s, m\u00e9g jobb, ha zsel\u00e9s szemmaszkot tartunk a h\u0171t\u0151szekr\u00e9nyben, \u00e9s v\u00e9gsz\u00fcks\u00e9g eset\u00e9n ezzel h\u0171s\u00edtj\u00fck arcunkat.<\/li>\n\n\n\n<li>Pr\u00f3b\u00e1ljunk meg minden nap nagyj\u00e1b\u00f3l azonos id\u0151ben lefek\u00fcdni \u00e9s felkelni, m\u00e9g szabads\u00e1g alatt is.<\/li>\n\n\n\n<li>Vezess\u00fcnk be egy &#8222;digit\u00e1lis napnyugt\u00e1t&#8221; &#8211; egy \u00f3r\u00e1val lefekv\u00e9s el\u0151tt m\u00e1r tegy\u00fck f\u00e9lre az elektronikus eszk\u00f6z\u00f6ket, illetve haszn\u00e1ljuk az esti f\u00e9ny funkci\u00f3t, amely k\u00e9k f\u00e9ny helyett s\u00e1rga sz\u00edn\u00e1rnyalatot alkalmaz.<\/li>\n\n\n\n<li>Kora este t\u00f6lts\u00fcnk id\u0151t a szabadban, ez seg\u00edt szinkroniz\u00e1lni bels\u0151 \u00f3r\u00e1nkat, enyhe f\u00e1radts\u00e1got v\u00e1lt ki.<\/li>\n\n\n\n<li>Alak\u00edtsunk ki egy megnyugtat\u00f3 esti rutint, ami felk\u00e9sz\u00edti test\u00fcnket \u00e9s elm\u00e9nket az alv\u00e1sra.<\/li>\n<\/ol>\n\n\n\n<p>A ny\u00e1ri alv\u00e1s kih\u00edv\u00e1sokkal teli lehet, de a megfelel\u0151 taktik\u00e1kkal jelent\u0151sen jav\u00edthatjuk alv\u00e1sunk min\u0151s\u00e9g\u00e9t. A j\u00f3 alv\u00e1s nem luxus, hanem az eg\u00e9szs\u00e9ges \u00e9letm\u00f3d alapvet\u0151 r\u00e9sze. Ha tart\u00f3s alv\u00e1szavarral k\u00fczd\u00fcnk, ne habozzunk szakember seg\u00edts\u00e9g\u00e9t k\u00e9rni.<\/p>","protected":false},"excerpt":{"rendered":"<p>Kis figyelemmel sokat tehet\u00fcnk a kellemesebb \u00e9jszak\u00e1k\u00e9rt A ny\u00e1r bek\u00f6sz\u00f6nt\u00e9vel a lak\u00e1sok h\u0151m\u00e9rs\u00e9klete tr\u00f3pusi hangulatot \u00f6lt, a nappalok meghosszabbodnak, nyitott ablakainkon oxig\u00e9nd\u00fas leveg\u0151 \u00e9s ciripel\u00e9s \u00e1rad \u00e9jjel a szob\u00e1ba, \u00edgy alv\u00e1si szok\u00e1saink is jelent\u0151sen megv\u00e1ltozhatnak. A ny\u00e1ri h\u00f3napokban sokkal nagyobb terhel\u00e9s \u00e9ri szervezet\u00fcnket, id\u0151nk\u00e9nt azt tapasztalhatjuk, hogy ak\u00e1r \u00e1llva is el tudn\u00e1nk aludni, ez\u00e9rt \u00e9rdemes [&hellip;]<\/p>","protected":false},"author":4,"featured_media":818,"comment_status":"closed","ping_status":"closed","sticky":false,"template":"","format":"standard","meta":{"_seopress_robots_primary_cat":"none","_seopress_titles_title":"%%sep%% %%post_title%% %%sitetitle%%","_seopress_titles_desc":"","_seopress_robots_index":"","footnotes":""},"categories":[1],"tags":[],"class_list":["post-894","post","type-post","status-publish","format-standard","has-post-thumbnail","hentry","category-uncategorized"],"_links":{"self":[{"href":"https:\/\/zednalife.com\/en\/wp-json\/wp\/v2\/posts\/894","targetHints":{"allow":["GET"]}}],"collection":[{"href":"https:\/\/zednalife.com\/en\/wp-json\/wp\/v2\/posts"}],"about":[{"href":"https:\/\/zednalife.com\/en\/wp-json\/wp\/v2\/types\/post"}],"author":[{"embeddable":true,"href":"https:\/\/zednalife.com\/en\/wp-json\/wp\/v2\/users\/4"}],"replies":[{"embeddable":true,"href":"https:\/\/zednalife.com\/en\/wp-json\/wp\/v2\/comments?post=894"}],"version-history":[{"count":1,"href":"https:\/\/zednalife.com\/en\/wp-json\/wp\/v2\/posts\/894\/revisions"}],"predecessor-version":[{"id":897,"href":"https:\/\/zednalife.com\/en\/wp-json\/wp\/v2\/posts\/894\/revisions\/897"}],"wp:featuredmedia":[{"embeddable":true,"href":"https:\/\/zednalife.com\/en\/wp-json\/wp\/v2\/media\/818"}],"wp:attachment":[{"href":"https:\/\/zednalife.com\/en\/wp-json\/wp\/v2\/media?parent=894"}],"wp:term":[{"taxonomy":"category","embeddable":true,"href":"https:\/\/zednalife.com\/en\/wp-json\/wp\/v2\/categories?post=894"},{"taxonomy":"post_tag","embeddable":true,"href":"https:\/\/zednalife.com\/en\/wp-json\/wp\/v2\/tags?post=894"}],"curies":[{"name":"wp","href":"https:\/\/api.w.org\/{rel}","templated":true}]}}