{"id":996,"date":"2024-10-08T16:40:38","date_gmt":"2024-10-08T14:40:38","guid":{"rendered":"https:\/\/zednalife.com\/?p=996"},"modified":"2024-10-08T16:40:39","modified_gmt":"2024-10-08T14:40:39","slug":"zedna-kisokos-tejallergiak-tipusai-es-diagnosztikaja","status":"publish","type":"post","link":"https:\/\/zednalife.com\/en\/zedna-kisokos-tejallergiak-tipusai-es-diagnosztikaja\/","title":{"rendered":"Zedna kisokos- Tejallergi\u00e1k t\u00edpusai \u00e9s diagnosztik\u00e1ja"},"content":{"rendered":"<p>A tejallergia az egyik leggyakoribb \u00e9lelmiszerallergia, k\u00fcl\u00f6n\u00f6sen csecsem\u0151k \u00e9s kisgyermekek k\u00f6r\u00e9ben, de feln\u0151ttekben is el\u0151fordulhat. A tejhez kapcsol\u00f3d\u00f3 allergi\u00e1s reakci\u00f3k k\u00e9t f\u0151 form\u00e1ban jelentkezhetnek: az immunmedi\u00e1lt <em>tejallergia <\/em>\u00e9s a <em>lakt\u00f3zintolerancia<\/em>. B\u00e1r a k\u00f6znyelvben gyakran keverik ezeket az \u00e1llapotokat, fontos megk\u00fcl\u00f6nb\u00f6ztetni \u0151ket, mivel k\u00fcl\u00f6nb\u00f6z\u0151 mechanizmusok \u00e1llnak a h\u00e1tt\u00e9rben, \u00e9s elt\u00e9r\u0151 t\u00fcneteket okoznak.<\/p>\n\n\n\n<p>Tejfeh\u00e9rje-allergia<\/p>\n\n\n\n<p>A tejfeh\u00e9rje-allergia, vagyis immunmedi\u00e1lt tejallergia, akkor alakul ki, amikor az immunrendszer t\u00e9vesen idegen anyagk\u00e9nt azonos\u00edtja a tejben tal\u00e1lhat\u00f3 feh\u00e9rj\u00e9ket, mint p\u00e9ld\u00e1ul a kazeint vagy a sav\u00f3feh\u00e9rj\u00e9t. Ennek hat\u00e1s\u00e1ra az immunrendszer antitesteket kezd termelni, amelyek gyullad\u00e1sos reakci\u00f3kat v\u00e1ltanak ki a szervezetben. K\u00e9t t\u00edpusa van, az egyik az \u00fagynevezett IgE-medi\u00e1lt tej allergia, melynek t\u00fcnetei gyorsan, n\u00e9h\u00e1ny percen vagy \u00f3r\u00e1n bel\u00fcl jelentkeznek a fogyaszt\u00e1st k\u00f6vet\u0151en. M\u00e1sik t\u00edpusa a \u201cnem IgE-medi\u00e1lt tejallergia\u201d mely eset\u00e9ben a t\u00fcnetek lassabban alakulnak ki: t\u00f6bb \u00f3ra vagy ak\u00e1r n\u00e9h\u00e1ny nap eltelt\u00e9vel.<\/p>\n\n\n\n<p>Diagn\u00f3zisa<\/p>\n\n\n\n<p>A tejfeh\u00e9rje-allergia diagn\u00f3zisa t\u00f6bbnyire b\u0151rpr\u00f3ba, specifikus IgE v\u00e9rvizsg\u00e1lat vagy elimin\u00e1ci\u00f3s di\u00e9ta alkalmaz\u00e1s\u00e1val t\u00f6rt\u00e9nik. A diagn\u00f3zist k\u00f6vet\u0151en a tej teljes elker\u00fcl\u00e9se sz\u00fcks\u00e9ges, bele\u00e9rtve minden tejterm\u00e9ket \u00e9s azok sz\u00e1rmaz\u00e9kait is.<\/p>\n\n\n\n<p>Lakt\u00f3zintolerancia<\/p>\n\n\n\n<p>A lakt\u00f3zintolerancia m\u00e1s t\u00edpus\u00fa tejhez kapcsol\u00f3d\u00f3 probl\u00e9ma, amely nem az immunrendszer hib\u00e1j\u00e1b\u00f3l ered, hanem a lakt\u00e1z nev\u0171 enzim hi\u00e1ny\u00e1b\u00f3l. A lakt\u00e1z bontja le a tejcukrot (lakt\u00f3zt) a v\u00e9konyb\u00e9lben, \u00e9s ha ez az enzim nem termel\u0151dik megfelel\u0151 mennyis\u00e9gben, a tejcukor em\u00e9sztetlen\u00fcl jut a vastagb\u00e9lbe, ahol ferment\u00e1l\u00f3dik, g\u00e1zokat \u00e9s t\u00fcneteket okozva.<\/p>\n\n\n\n<p>Diagn\u00f3zisa<\/p>\n\n\n\n<p>A lakt\u00f3zintoleranci\u00e1t t\u00f6bbf\u00e9le teszttel lehet diagnosztiz\u00e1lni, p\u00e9ld\u00e1ul hidrog\u00e9nkil\u00e9gz\u00e9si teszttel, sz\u00e1jny\u00e1lkah\u00e1rty\u00e1r\u00f3l t\u00f6rt\u00e9n\u0151 mintav\u00e9tellel v\u00e9gzett genetikai teszttel, vagy egyszer\u0171en lakt\u00f3zmentes di\u00e9t\u00e1val. Az \u00e9rintettek \u00e1ltal\u00e1ban k\u00e9pesek bizonyos mennyis\u00e9g\u0171 lakt\u00f3zt toler\u00e1lni, de egy\u00e9nenk\u00e9nt v\u00e1ltozik a mennyis\u00e9g, amely m\u00e9g nem okoz t\u00fcneteket.<\/p>\n\n\n\n<p>K\u00e9s\u0151bbi \u00e9letkorban kialakul\u00f3 tejallergia<\/p>\n\n\n\n<p>M\u00edg a tejallergi\u00e1k t\u00f6bbs\u00e9ge gyermekkorban alakul ki, \u00e9s sok esetben a gyermekek kin\u00f6vik, a tejallergia feln\u0151ttkorban is kialakulhat. Feln\u0151ttekn\u00e9l gyakran nehezebb diagnosztiz\u00e1lni, mert a t\u00fcnetek hasonl\u00edthatnak m\u00e1s betegs\u00e9gekre, mint p\u00e9ld\u00e1ul az irrit\u00e1bilis b\u00e9l szindr\u00f3ma (IBS).<\/p>","protected":false},"excerpt":{"rendered":"<p>A tejallergia az egyik leggyakoribb \u00e9lelmiszerallergia, k\u00fcl\u00f6n\u00f6sen csecsem\u0151k \u00e9s kisgyermekek k\u00f6r\u00e9ben, de feln\u0151ttekben is el\u0151fordulhat. A tejhez kapcsol\u00f3d\u00f3 allergi\u00e1s reakci\u00f3k k\u00e9t f\u0151 form\u00e1ban jelentkezhetnek: az immunmedi\u00e1lt tejallergia \u00e9s a lakt\u00f3zintolerancia. B\u00e1r a k\u00f6znyelvben gyakran keverik ezeket az \u00e1llapotokat, fontos megk\u00fcl\u00f6nb\u00f6ztetni \u0151ket, mivel k\u00fcl\u00f6nb\u00f6z\u0151 mechanizmusok \u00e1llnak a h\u00e1tt\u00e9rben, \u00e9s elt\u00e9r\u0151 t\u00fcneteket okoznak. Tejfeh\u00e9rje-allergia A tejfeh\u00e9rje-allergia, vagyis [&hellip;]<\/p>","protected":false},"author":4,"featured_media":818,"comment_status":"closed","ping_status":"closed","sticky":false,"template":"","format":"standard","meta":{"_seopress_robots_primary_cat":"none","_seopress_titles_title":"","_seopress_titles_desc":"","_seopress_robots_index":"","footnotes":""},"categories":[1],"tags":[],"class_list":["post-996","post","type-post","status-publish","format-standard","has-post-thumbnail","hentry","category-uncategorized"],"_links":{"self":[{"href":"https:\/\/zednalife.com\/en\/wp-json\/wp\/v2\/posts\/996","targetHints":{"allow":["GET"]}}],"collection":[{"href":"https:\/\/zednalife.com\/en\/wp-json\/wp\/v2\/posts"}],"about":[{"href":"https:\/\/zednalife.com\/en\/wp-json\/wp\/v2\/types\/post"}],"author":[{"embeddable":true,"href":"https:\/\/zednalife.com\/en\/wp-json\/wp\/v2\/users\/4"}],"replies":[{"embeddable":true,"href":"https:\/\/zednalife.com\/en\/wp-json\/wp\/v2\/comments?post=996"}],"version-history":[{"count":1,"href":"https:\/\/zednalife.com\/en\/wp-json\/wp\/v2\/posts\/996\/revisions"}],"predecessor-version":[{"id":999,"href":"https:\/\/zednalife.com\/en\/wp-json\/wp\/v2\/posts\/996\/revisions\/999"}],"wp:featuredmedia":[{"embeddable":true,"href":"https:\/\/zednalife.com\/en\/wp-json\/wp\/v2\/media\/818"}],"wp:attachment":[{"href":"https:\/\/zednalife.com\/en\/wp-json\/wp\/v2\/media?parent=996"}],"wp:term":[{"taxonomy":"category","embeddable":true,"href":"https:\/\/zednalife.com\/en\/wp-json\/wp\/v2\/categories?post=996"},{"taxonomy":"post_tag","embeddable":true,"href":"https:\/\/zednalife.com\/en\/wp-json\/wp\/v2\/tags?post=996"}],"curies":[{"name":"wp","href":"https:\/\/api.w.org\/{rel}","templated":true}]}}